{"id":811,"date":"2021-06-01T13:07:59","date_gmt":"2021-06-01T13:07:59","guid":{"rendered":"https:\/\/vinatur.es\/?p=811"},"modified":"2021-06-21T14:34:43","modified_gmt":"2021-06-21T14:34:43","slug":"vigralla-2021-wijnproeven-penedes","status":"publish","type":"post","link":"https:\/\/vinatur.es\/es\/2021\/06\/01\/vigralla-2021-wijnproeven-penedes\/","title":{"rendered":"Vigralla 2021, Express!"},"content":{"rendered":"<p>Una cata de bodegas del Baix Pened\u00e8s.<\/p>\n\n\n\n<p>En \u00b4la Cumprativa\u00b4 de Lloren\u00e7 del Pened\u00e8s tuvimos una presentaci\u00f3n de las bodegas del Baix Pened\u00e8s. Presentado con entusiasmo por, entre otros, Marti Giralt en\u00f3logo de Vins de L\u00b4Apical. Llevan elaborando vino con variedades de uva aut\u00f3ctonas como Sumoll, Macabeo, Xarel.lo y Malvas\u00eda desde 2012 y con gran \u00e9xito!<\/p>\n\n\n\n<p><strong>\u00bfQu\u00e9 bodegas estuvieron presentes?<\/strong><\/p>\n\n\n\n<p><strong>Jan\u00e9 Ventura: \u00b4Sempreviva\u00b4 <\/strong><\/p>\n\n\n\n<p>Este vino est\u00e1 inspirado en la flor 'Viva Sant Joan'. Esta flor florece desde mediados de mayo y a menudo te la encuentras. Esta flor mediterr\u00e1nea conserva su color amarillo cuando se recoge en flor. En una hermosa botella hay una imagen de una rama de la flor. El vino en s\u00ed es una combinaci\u00f3n de 75% Malvas\u00eda de Sitges y 25% Moscatel.<\/p>\n\n\n\n<p><strong>Celler de L\u00b4Agricola: \u00b4Vi del Centenari\u00b4<\/strong><\/p>\n\n\n\n<p>El segundo vino fue una edici\u00f3n especialmente hecha con motivo del centenario del Celler de l'Agricola de Lloren\u00e7. De ah\u00ed el nombre apropiado: 'Vi del Centenari' (vino del centenario) un 100% Xarel.lo criado durante cuatro meses en roble franc\u00e9s. &nbsp;<\/p>\n\n\n\n<p><strong>Vins de l\u00b4Apical: \u00b4Coll de la Sitja\u00b4<\/strong><\/p>\n\n\n\n<p>El \u00faltimo de la serie de vinos blancos fue 'Coll de la Sitja', del propio L'Apical. Un Macabeo de 2018, las uvas proceden de vi\u00f1as viejas y este vino tambi\u00e9n ha madurado durante 4 meses en barrica de roble franc\u00e9s.<\/p>\n\n\n\n<p><strong>Finca Mas Perdut: \u00b4Endogen Sams\u00f3\u00b4<\/strong><\/p>\n\n\n\n<p>Finalizamos con un vino tinto: 'Endogen Sams\u00f3' de Finca mas Perdut. Elaborado con 100% Sams\u00f3 (Cari\u00f1ena) La misi\u00f3n de Finca mas Perdut es respetar el medio ambiente, cuidar el vi\u00f1edo y mimar la vid. El vino tiene un color rojo picota intenso, muy bonito, con aromas a cuero, tabaco y especias. Es un vino potente, pero a pesar de su fuerza tambi\u00e9n elegante en boca con un largo final. Buen acompa\u00f1ante de guisos y carnes rojas. As\u00ed que tenlo en cuenta para cuando el clima se ponga un poco m\u00e1s fr\u00edo. Ahora lo tomamos bastante fresco y por eso estaba delicioso para beber al final de la tarde (\u00a1al sol!)<\/p>\n\n\n\n<p>Nos fuimos a casa con una botella de cada bodega, para recordar los buenos vinos del Baix Pened\u00e8s.<\/p>\n\n\n\n<p>Salut! wine fun from the Penedes<\/p>","protected":false},"excerpt":{"rendered":"<p>Een proeverij van bodega\u2019s uit de Baix Pened\u00e8s. In \u00b4la Cumprativa\u00b4 in Lloren\u00e7 del Pened\u00e8s kregen wij een presentatie van de wijnhuizen uit de Baix Pened\u00e8s. Enthousiast gepresenteerd door oa [&#8230;]\n","protected":false},"author":1,"featured_media":1127,"comment_status":"closed","ping_status":"closed","sticky":false,"template":"","format":"standard","meta":{"_price":"","_stock":"","_tribe_ticket_header":"","_tribe_default_ticket_provider":"","_tribe_ticket_capacity":"0","_ticket_start_date":"","_ticket_end_date":"","_tribe_ticket_show_description":"","_tribe_ticket_show_not_going":false,"_tribe_ticket_use_global_stock":"","_tribe_ticket_global_stock_level":"","_global_stock_mode":"","_global_stock_cap":"","_tribe_rsvp_for_event":"","_tribe_ticket_going_count":"","_tribe_ticket_not_going_count":"","_tribe_tickets_list":"[]","_tribe_ticket_has_attendee_info_fields":false,"footnotes":""},"categories":[73],"tags":[71,77,78,74,76,75],"class_list":["post-811","post","type-post","status-publish","format-standard","has-post-thumbnail","hentry","category-wijnevenementen","tag-penedes","tag-spain","tag-spanje","tag-vigralla","tag-wijn","tag-wine"],"yoast_head":"<!-- This site is optimized with the Yoast SEO plugin v27.5 - https:\/\/yoast.com\/product\/yoast-seo-wordpress\/ -->\n<title>Vigralla 2021, Express! -<\/title>\n<meta name=\"description\" content=\"Een jaarlijks terugkerende proeverij in Lloren\u00e7 del Penedes waar de wijnhuizen vanuit de Baix Pened\u00e8s ons hun wijnen lieten proeven.\" \/>\n<meta name=\"robots\" content=\"index, follow, max-snippet:-1, max-image-preview:large, max-video-preview:-1\" \/>\n<link rel=\"canonical\" href=\"https:\/\/vinatur.es\/es\/2021\/06\/01\/vigralla-2021-wijnproeven-penedes\/\" \/>\n<meta property=\"og:locale\" content=\"es_ES\" \/>\n<meta property=\"og:type\" content=\"article\" \/>\n<meta property=\"og:title\" content=\"Vigralla 2021, Express! -\" \/>\n<meta property=\"og:description\" content=\"Een jaarlijks terugkerende proeverij in Lloren\u00e7 del Penedes waar de wijnhuizen vanuit de Baix Pened\u00e8s ons hun wijnen lieten proeven.\" \/>\n<meta property=\"og:url\" content=\"https:\/\/vinatur.es\/es\/2021\/06\/01\/vigralla-2021-wijnproeven-penedes\/\" \/>\n<meta property=\"article:published_time\" content=\"2021-06-01T13:07:59+00:00\" \/>\n<meta property=\"article:modified_time\" content=\"2021-06-21T14:34:43+00:00\" \/>\n<meta property=\"og:image\" content=\"https:\/\/vinatur.es\/wp-content\/uploads\/2021\/06\/DSC_7555goed.jpg\" \/>\n\t<meta property=\"og:image:width\" content=\"2448\" \/>\n\t<meta property=\"og:image:height\" content=\"1633\" \/>\n\t<meta property=\"og:image:type\" content=\"image\/jpeg\" \/>\n<meta name=\"author\" content=\"admin\" \/>\n<meta name=\"twitter:card\" content=\"summary_large_image\" \/>\n<meta name=\"twitter:label1\" content=\"Escrito por\" \/>\n\t<meta name=\"twitter:data1\" content=\"admin\" \/>\n\t<meta name=\"twitter:label2\" content=\"Tiempo de lectura\" \/>\n\t<meta name=\"twitter:data2\" content=\"2 minutos\" \/>\n<script type=\"application\/ld+json\" class=\"yoast-schema-graph\">{\"@context\":\"https:\\\/\\\/schema.org\",\"@graph\":[{\"@type\":\"Article\",\"@id\":\"https:\\\/\\\/vinatur.es\\\/es\\\/2021\\\/06\\\/01\\\/vigralla-2021-wijnproeven-penedes\\\/#article\",\"isPartOf\":{\"@id\":\"https:\\\/\\\/vinatur.es\\\/es\\\/2021\\\/06\\\/01\\\/vigralla-2021-wijnproeven-penedes\\\/\"},\"author\":{\"name\":\"admin\",\"@id\":\"https:\\\/\\\/vinatur.es\\\/#\\\/schema\\\/person\\\/d8af768ec8fbf9973dc1dbdd1e7f69bd\"},\"headline\":\"Vigralla 2021, Express!\",\"datePublished\":\"2021-06-01T13:07:59+00:00\",\"dateModified\":\"2021-06-21T14:34:43+00:00\",\"mainEntityOfPage\":{\"@id\":\"https:\\\/\\\/vinatur.es\\\/es\\\/2021\\\/06\\\/01\\\/vigralla-2021-wijnproeven-penedes\\\/\"},\"wordCount\":374,\"image\":{\"@id\":\"https:\\\/\\\/vinatur.es\\\/es\\\/2021\\\/06\\\/01\\\/vigralla-2021-wijnproeven-penedes\\\/#primaryimage\"},\"thumbnailUrl\":\"https:\\\/\\\/vinatur.es\\\/wp-content\\\/uploads\\\/2021\\\/06\\\/DSC_7555goed.jpg\",\"keywords\":[\"Pened\u00e8s\",\"Spain\",\"Spanje\",\"Vigralla\",\"wijn\",\"Wine\"],\"articleSection\":[\"Wijnevenementen\"],\"inLanguage\":\"es\"},{\"@type\":\"WebPage\",\"@id\":\"https:\\\/\\\/vinatur.es\\\/es\\\/2021\\\/06\\\/01\\\/vigralla-2021-wijnproeven-penedes\\\/\",\"url\":\"https:\\\/\\\/vinatur.es\\\/es\\\/2021\\\/06\\\/01\\\/vigralla-2021-wijnproeven-penedes\\\/\",\"name\":\"Vigralla 2021, Express! -\",\"isPartOf\":{\"@id\":\"https:\\\/\\\/vinatur.es\\\/#website\"},\"primaryImageOfPage\":{\"@id\":\"https:\\\/\\\/vinatur.es\\\/es\\\/2021\\\/06\\\/01\\\/vigralla-2021-wijnproeven-penedes\\\/#primaryimage\"},\"image\":{\"@id\":\"https:\\\/\\\/vinatur.es\\\/es\\\/2021\\\/06\\\/01\\\/vigralla-2021-wijnproeven-penedes\\\/#primaryimage\"},\"thumbnailUrl\":\"https:\\\/\\\/vinatur.es\\\/wp-content\\\/uploads\\\/2021\\\/06\\\/DSC_7555goed.jpg\",\"datePublished\":\"2021-06-01T13:07:59+00:00\",\"dateModified\":\"2021-06-21T14:34:43+00:00\",\"author\":{\"@id\":\"https:\\\/\\\/vinatur.es\\\/#\\\/schema\\\/person\\\/d8af768ec8fbf9973dc1dbdd1e7f69bd\"},\"description\":\"Een jaarlijks terugkerende proeverij in Lloren\u00e7 del Penedes waar de wijnhuizen vanuit de Baix Pened\u00e8s ons hun wijnen lieten proeven.\",\"breadcrumb\":{\"@id\":\"https:\\\/\\\/vinatur.es\\\/es\\\/2021\\\/06\\\/01\\\/vigralla-2021-wijnproeven-penedes\\\/#breadcrumb\"},\"inLanguage\":\"es\",\"potentialAction\":[{\"@type\":\"ReadAction\",\"target\":[\"https:\\\/\\\/vinatur.es\\\/es\\\/2021\\\/06\\\/01\\\/vigralla-2021-wijnproeven-penedes\\\/\"]}]},{\"@type\":\"ImageObject\",\"inLanguage\":\"es\",\"@id\":\"https:\\\/\\\/vinatur.es\\\/es\\\/2021\\\/06\\\/01\\\/vigralla-2021-wijnproeven-penedes\\\/#primaryimage\",\"url\":\"https:\\\/\\\/vinatur.es\\\/wp-content\\\/uploads\\\/2021\\\/06\\\/DSC_7555goed.jpg\",\"contentUrl\":\"https:\\\/\\\/vinatur.es\\\/wp-content\\\/uploads\\\/2021\\\/06\\\/DSC_7555goed.jpg\",\"width\":2448,\"height\":1633,\"caption\":\"Bodegas Baix Penedes\"},{\"@type\":\"BreadcrumbList\",\"@id\":\"https:\\\/\\\/vinatur.es\\\/es\\\/2021\\\/06\\\/01\\\/vigralla-2021-wijnproeven-penedes\\\/#breadcrumb\",\"itemListElement\":[{\"@type\":\"ListItem\",\"position\":1,\"name\":\"Home\",\"item\":\"https:\\\/\\\/vinatur.es\\\/\"},{\"@type\":\"ListItem\",\"position\":2,\"name\":\"Vigralla 2021, Express!\"}]},{\"@type\":\"WebSite\",\"@id\":\"https:\\\/\\\/vinatur.es\\\/#website\",\"url\":\"https:\\\/\\\/vinatur.es\\\/\",\"name\":\"\",\"description\":\"Wine stuff with a smile\",\"potentialAction\":[{\"@type\":\"SearchAction\",\"target\":{\"@type\":\"EntryPoint\",\"urlTemplate\":\"https:\\\/\\\/vinatur.es\\\/?s={search_term_string}\"},\"query-input\":{\"@type\":\"PropertyValueSpecification\",\"valueRequired\":true,\"valueName\":\"search_term_string\"}}],\"inLanguage\":\"es\"},{\"@type\":\"Person\",\"@id\":\"https:\\\/\\\/vinatur.es\\\/#\\\/schema\\\/person\\\/d8af768ec8fbf9973dc1dbdd1e7f69bd\",\"name\":\"admin\",\"image\":{\"@type\":\"ImageObject\",\"inLanguage\":\"es\",\"@id\":\"https:\\\/\\\/secure.gravatar.com\\\/avatar\\\/b3afcc25c0d13ef3015de3fd983bfa6bc7ef6db186bed2f786a2dfeabecb18bb?s=96&d=mm&r=g\",\"url\":\"https:\\\/\\\/secure.gravatar.com\\\/avatar\\\/b3afcc25c0d13ef3015de3fd983bfa6bc7ef6db186bed2f786a2dfeabecb18bb?s=96&d=mm&r=g\",\"contentUrl\":\"https:\\\/\\\/secure.gravatar.com\\\/avatar\\\/b3afcc25c0d13ef3015de3fd983bfa6bc7ef6db186bed2f786a2dfeabecb18bb?s=96&d=mm&r=g\",\"caption\":\"admin\"},\"sameAs\":[\"https:\\\/\\\/vinatur.es\"],\"url\":\"https:\\\/\\\/vinatur.es\\\/es\\\/author\\\/admin\\\/\"}]}<\/script>\n<!-- \/ Yoast SEO plugin. -->","yoast_head_json":{"title":"Vigralla 2021, Express! -","description":"Een jaarlijks terugkerende proeverij in Lloren\u00e7 del Penedes waar de wijnhuizen vanuit de Baix Pened\u00e8s ons hun wijnen lieten proeven.","robots":{"index":"index","follow":"follow","max-snippet":"max-snippet:-1","max-image-preview":"max-image-preview:large","max-video-preview":"max-video-preview:-1"},"canonical":"https:\/\/vinatur.es\/es\/2021\/06\/01\/vigralla-2021-wijnproeven-penedes\/","og_locale":"es_ES","og_type":"article","og_title":"Vigralla 2021, Express! -","og_description":"Een jaarlijks terugkerende proeverij in Lloren\u00e7 del Penedes waar de wijnhuizen vanuit de Baix Pened\u00e8s ons hun wijnen lieten proeven.","og_url":"https:\/\/vinatur.es\/es\/2021\/06\/01\/vigralla-2021-wijnproeven-penedes\/","article_published_time":"2021-06-01T13:07:59+00:00","article_modified_time":"2021-06-21T14:34:43+00:00","og_image":[{"width":2448,"height":1633,"url":"https:\/\/vinatur.es\/wp-content\/uploads\/2021\/06\/DSC_7555goed.jpg","type":"image\/jpeg"}],"author":"admin","twitter_card":"summary_large_image","twitter_misc":{"Escrito por":"admin","Tiempo de lectura":"2 minutos"},"schema":{"@context":"https:\/\/schema.org","@graph":[{"@type":"Article","@id":"https:\/\/vinatur.es\/es\/2021\/06\/01\/vigralla-2021-wijnproeven-penedes\/#article","isPartOf":{"@id":"https:\/\/vinatur.es\/es\/2021\/06\/01\/vigralla-2021-wijnproeven-penedes\/"},"author":{"name":"admin","@id":"https:\/\/vinatur.es\/#\/schema\/person\/d8af768ec8fbf9973dc1dbdd1e7f69bd"},"headline":"Vigralla 2021, Express!","datePublished":"2021-06-01T13:07:59+00:00","dateModified":"2021-06-21T14:34:43+00:00","mainEntityOfPage":{"@id":"https:\/\/vinatur.es\/es\/2021\/06\/01\/vigralla-2021-wijnproeven-penedes\/"},"wordCount":374,"image":{"@id":"https:\/\/vinatur.es\/es\/2021\/06\/01\/vigralla-2021-wijnproeven-penedes\/#primaryimage"},"thumbnailUrl":"https:\/\/vinatur.es\/wp-content\/uploads\/2021\/06\/DSC_7555goed.jpg","keywords":["Pened\u00e8s","Spain","Spanje","Vigralla","wijn","Wine"],"articleSection":["Wijnevenementen"],"inLanguage":"es"},{"@type":"WebPage","@id":"https:\/\/vinatur.es\/es\/2021\/06\/01\/vigralla-2021-wijnproeven-penedes\/","url":"https:\/\/vinatur.es\/es\/2021\/06\/01\/vigralla-2021-wijnproeven-penedes\/","name":"Vigralla 2021, Express! -","isPartOf":{"@id":"https:\/\/vinatur.es\/#website"},"primaryImageOfPage":{"@id":"https:\/\/vinatur.es\/es\/2021\/06\/01\/vigralla-2021-wijnproeven-penedes\/#primaryimage"},"image":{"@id":"https:\/\/vinatur.es\/es\/2021\/06\/01\/vigralla-2021-wijnproeven-penedes\/#primaryimage"},"thumbnailUrl":"https:\/\/vinatur.es\/wp-content\/uploads\/2021\/06\/DSC_7555goed.jpg","datePublished":"2021-06-01T13:07:59+00:00","dateModified":"2021-06-21T14:34:43+00:00","author":{"@id":"https:\/\/vinatur.es\/#\/schema\/person\/d8af768ec8fbf9973dc1dbdd1e7f69bd"},"description":"Een jaarlijks terugkerende proeverij in Lloren\u00e7 del Penedes waar de wijnhuizen vanuit de Baix Pened\u00e8s ons hun wijnen lieten proeven.","breadcrumb":{"@id":"https:\/\/vinatur.es\/es\/2021\/06\/01\/vigralla-2021-wijnproeven-penedes\/#breadcrumb"},"inLanguage":"es","potentialAction":[{"@type":"ReadAction","target":["https:\/\/vinatur.es\/es\/2021\/06\/01\/vigralla-2021-wijnproeven-penedes\/"]}]},{"@type":"ImageObject","inLanguage":"es","@id":"https:\/\/vinatur.es\/es\/2021\/06\/01\/vigralla-2021-wijnproeven-penedes\/#primaryimage","url":"https:\/\/vinatur.es\/wp-content\/uploads\/2021\/06\/DSC_7555goed.jpg","contentUrl":"https:\/\/vinatur.es\/wp-content\/uploads\/2021\/06\/DSC_7555goed.jpg","width":2448,"height":1633,"caption":"Bodegas Baix Penedes"},{"@type":"BreadcrumbList","@id":"https:\/\/vinatur.es\/es\/2021\/06\/01\/vigralla-2021-wijnproeven-penedes\/#breadcrumb","itemListElement":[{"@type":"ListItem","position":1,"name":"Home","item":"https:\/\/vinatur.es\/"},{"@type":"ListItem","position":2,"name":"Vigralla 2021, Express!"}]},{"@type":"WebSite","@id":"https:\/\/vinatur.es\/#website","url":"https:\/\/vinatur.es\/","name":"","description":"Wine stuff with a smile","potentialAction":[{"@type":"SearchAction","target":{"@type":"EntryPoint","urlTemplate":"https:\/\/vinatur.es\/?s={search_term_string}"},"query-input":{"@type":"PropertyValueSpecification","valueRequired":true,"valueName":"search_term_string"}}],"inLanguage":"es"},{"@type":"Person","@id":"https:\/\/vinatur.es\/#\/schema\/person\/d8af768ec8fbf9973dc1dbdd1e7f69bd","name":"admin","image":{"@type":"ImageObject","inLanguage":"es","@id":"https:\/\/secure.gravatar.com\/avatar\/b3afcc25c0d13ef3015de3fd983bfa6bc7ef6db186bed2f786a2dfeabecb18bb?s=96&d=mm&r=g","url":"https:\/\/secure.gravatar.com\/avatar\/b3afcc25c0d13ef3015de3fd983bfa6bc7ef6db186bed2f786a2dfeabecb18bb?s=96&d=mm&r=g","contentUrl":"https:\/\/secure.gravatar.com\/avatar\/b3afcc25c0d13ef3015de3fd983bfa6bc7ef6db186bed2f786a2dfeabecb18bb?s=96&d=mm&r=g","caption":"admin"},"sameAs":["https:\/\/vinatur.es"],"url":"https:\/\/vinatur.es\/es\/author\/admin\/"}]}},"_links":{"self":[{"href":"https:\/\/vinatur.es\/es\/wp-json\/wp\/v2\/posts\/811","targetHints":{"allow":["GET"]}}],"collection":[{"href":"https:\/\/vinatur.es\/es\/wp-json\/wp\/v2\/posts"}],"about":[{"href":"https:\/\/vinatur.es\/es\/wp-json\/wp\/v2\/types\/post"}],"author":[{"embeddable":true,"href":"https:\/\/vinatur.es\/es\/wp-json\/wp\/v2\/users\/1"}],"replies":[{"embeddable":true,"href":"https:\/\/vinatur.es\/es\/wp-json\/wp\/v2\/comments?post=811"}],"version-history":[{"count":2,"href":"https:\/\/vinatur.es\/es\/wp-json\/wp\/v2\/posts\/811\/revisions"}],"predecessor-version":[{"id":814,"href":"https:\/\/vinatur.es\/es\/wp-json\/wp\/v2\/posts\/811\/revisions\/814"}],"wp:featuredmedia":[{"embeddable":true,"href":"https:\/\/vinatur.es\/es\/wp-json\/wp\/v2\/media\/1127"}],"wp:attachment":[{"href":"https:\/\/vinatur.es\/es\/wp-json\/wp\/v2\/media?parent=811"}],"wp:term":[{"taxonomy":"category","embeddable":true,"href":"https:\/\/vinatur.es\/es\/wp-json\/wp\/v2\/categories?post=811"},{"taxonomy":"post_tag","embeddable":true,"href":"https:\/\/vinatur.es\/es\/wp-json\/wp\/v2\/tags?post=811"}],"curies":[{"name":"wp","href":"https:\/\/api.w.org\/{rel}","templated":true}]}}